{"id":103618,"date":"2020-06-04T17:58:28","date_gmt":"2020-06-04T15:58:28","guid":{"rendered":"https:\/\/www.castellodirivoli.org\/workshop-for-the-editing-of-catalogues-raisonnes-and-publications-of-art\/"},"modified":"2025-11-21T10:46:55","modified_gmt":"2025-11-21T09:46:55","slug":"workshop-for-the-editing-of-catalogues-raisonnes-and-publications-of-art","status":"publish","type":"post","link":"https:\/\/www.castellodirivoli.org\/en\/workshop-for-the-editing-of-catalogues-raisonnes-and-publications-of-art\/","title":{"rendered":"Workshop for the Editing of Catalogues Raisonn\u00e9s and Publications of Art"},"content":{"rendered":"<h2><strong><em>Catalogues raisonn\u00e9s \/ Reasoning on catalogs.<\/em><\/strong><\/h2>\n<p><strong>Workshop for the Editing of Catalogues Raisonn\u00e9s and Publications of Art<\/strong><\/p>\n<p><strong>\u00a0<\/strong><strong>In memory of Germano Celant (1940-2020)<\/strong><\/p>\n<p>CRRI &#8211; Castello di Rivoli Research Institute\/Library of Castello di Rivoli Museo d\u2019Arte Contemporanea, Rivoli-Torino<\/p>\n<p><strong>July 27 \u2014 31, 2020<\/strong><\/p>\n<p><strong>September 28 \u2014 October 2, 2020<\/strong><\/p>\n<p>Following the Contemporary Art Archivists workshop in 2017, the Registrar workshop in 2018, the Provenance Research Workshop and the Literary Social Media Content Creator Workshop in 2019, Castello di Rivoli Museo d\u2019Arte Contemporanea holds the <strong>Workshop for the Editing of Catalogues Raisonn\u00e9s and Publications of Art.<\/strong><\/p>\n<p>The workshop is dedicated to the memory of <strong>Germano Celant<\/strong> (1940-2020).<\/p>\n<p>Jointly run by <strong>CRRI &#8211; Castello di Rivoli<\/strong> <strong>Research Institute <\/strong>and the Museum <strong>Education Department<\/strong>, the workshop is led by <strong>Andrea Viliani<\/strong>, Head and Curator at CRRI and author of numerous catalogs and scientific publications on Contemporary Art, with the assistance of Giulia Colletti (Public Programs and Digital Contents, Castello di Rivoli Museo d\u2019Arte Contemporanea) and Giulia De Giorgi (CRRI Archives and Curatorial Assistance). The workshop is open to individuals aged <strong>between <\/strong><strong>22 and 40, <\/strong>with a degree in the Humanities and the Arts.<\/p>\n<p>The two-week program will take place <strong>July 27<\/strong> <strong>\u2014 <\/strong><strong>31, 2020 <\/strong>and<strong> September 28<\/strong> <strong>\u2014 <\/strong><strong>October 2, 2020<\/strong>, both at the Castello di Rivoli Library, and by e-learning, subject to current regulations. The program pivots around a series of thematic seminars delivered by internationally renowned experts and scholars in the research field of archiving, conceiving and updating of general catalogs and scientific publications of Contemporary Art. The seminars held by the invited experts and scholars focus on the methodologies and practices adopted in the preparation of reference general catalogs and catalogs of personal exhibitions. Guests include<strong> Marcella Beccaria, Gabriella Belli, Agata Boetti, Fabio Cafagna, Carolyn Christov-Bakargiev and Sara Codutti, Bruno Cor\u00e0 and Chiara Sarteanesi, Chiara Costa, Maddalena Disch, Glenn Phillips, Neil Printz, Michele Robecchi, J\u00f6rg Schellmann, Antonella Soldaini, Nancy Spector, <\/strong><strong>Marianna Vecellio. <\/strong><\/p>\n<p>The selected participants are<br \/><strong>Acocella Alessandra<\/strong><br \/><strong>Dolfi Agostini Sara<\/strong><br \/><strong>Lanzafame Andrea<\/strong><br \/><strong>Locatelli Veronica<\/strong><br \/><strong>Lupi Chiara<\/strong><br \/><strong>Nuzzi Chiara<\/strong><br \/><strong>Portesine Chiara<\/strong><br \/><strong>Tomassoni Piero<\/strong><\/p>\n<p>They have been\u00a0selected by a commission including <strong>Carolyn Christov-Bakargiev, Marcella Beccaria<\/strong> and <strong>Andrea Viliani<\/strong>.<\/p>\n<p>Castello di Rivoli provides free tuition for selected participants. The workshop is <strong>in Italian and in English<\/strong>.<\/p>\n<p>The workshop is organized thanks to the support of <strong>Regione Piemonte<\/strong> and <strong>Compagnia di San Paolo<\/strong>, and in collaboration with the <strong>Multi Family office Tosetti Value<\/strong>, a benchmark in the enhancement of family assets and private collections.<\/p>\n<p>The <strong>Education Department<\/strong> of Castello di Rivoli is accredited by <strong>MIUR<\/strong> (Ministero dell\u2019Istruzione, dell\u2019Universit\u00e0 e della Ricerca) as a training body. At the end of the workshop, Castello di Rivoli will issue a certificate to the participants.<\/p>\n<p>The workshop is part of the activities of <strong>CRRI &#8211; Castello di Rivoli Research Institute<\/strong>, supported by Regione Piemonte and Compagnia di San Paolo.<\/p>\n<p><a href=\"https:\/\/www.castellodirivoli.org\/wp-content\/uploads\/2020\/06\/regione-piemonte.png\" data-lbwps-width=\"404\" data-lbwps-height=\"125\" data-lbwps-srcsmall=\"https:\/\/www.castellodirivoli.org\/wp-content\/uploads\/2020\/06\/regione-piemonte.png\"><img loading=\"lazy\" decoding=\"async\" class=\"alignleft wp-image-32748\" src=\"https:\/\/www.castellodirivoli.org\/wp-content\/uploads\/2020\/06\/regione-piemonte.png\" alt=\"\" width=\"162\" height=\"50\" srcset=\"https:\/\/www.castellodirivoli.org\/wp-content\/uploads\/2020\/06\/regione-piemonte.png 404w, https:\/\/www.castellodirivoli.org\/wp-content\/uploads\/2020\/06\/regione-piemonte-300x93.png 300w\" sizes=\"auto, (max-width: 162px) 100vw, 162px\" \/><\/a><\/p>\n<p><a href=\"https:\/\/www.castellodirivoli.org\/wp-content\/uploads\/2020\/06\/ES_CSP_logo-2020_CMYK_Orizzontale-Positivo.jpg\" data-lbwps-width=\"3209\" data-lbwps-height=\"1349\" data-lbwps-srcsmall=\"https:\/\/www.castellodirivoli.org\/wp-content\/uploads\/2020\/06\/ES_CSP_logo-2020_CMYK_Orizzontale-Positivo.jpg\"><img loading=\"lazy\" decoding=\"async\" class=\"alignleft wp-image-32751\" src=\"https:\/\/www.castellodirivoli.org\/wp-content\/uploads\/2020\/06\/ES_CSP_logo-2020_CMYK_Orizzontale-Positivo-scaled.jpg\" alt=\"\" width=\"152\" height=\"64\" srcset=\"https:\/\/www.castellodirivoli.org\/wp-content\/uploads\/2020\/06\/ES_CSP_logo-2020_CMYK_Orizzontale-Positivo-scaled.jpg 2560w, https:\/\/www.castellodirivoli.org\/wp-content\/uploads\/2020\/06\/ES_CSP_logo-2020_CMYK_Orizzontale-Positivo-scaled-300x126.jpg 300w, https:\/\/www.castellodirivoli.org\/wp-content\/uploads\/2020\/06\/ES_CSP_logo-2020_CMYK_Orizzontale-Positivo-scaled-600x252.jpg 600w, https:\/\/www.castellodirivoli.org\/wp-content\/uploads\/2020\/06\/ES_CSP_logo-2020_CMYK_Orizzontale-Positivo-768x323.jpg 768w, https:\/\/www.castellodirivoli.org\/wp-content\/uploads\/2020\/06\/ES_CSP_logo-2020_CMYK_Orizzontale-Positivo-1024x430.jpg 1024w\" sizes=\"auto, (max-width: 152px) 100vw, 152px\" \/><\/a><\/p>\n<p><a href=\"https:\/\/www.castellodirivoli.org\/wp-content\/uploads\/2020\/06\/TOSETTI.png\" data-lbwps-width=\"482\" data-lbwps-height=\"104\" data-lbwps-srcsmall=\"https:\/\/www.castellodirivoli.org\/wp-content\/uploads\/2020\/06\/TOSETTI.png\"><img loading=\"lazy\" decoding=\"async\" class=\"alignleft wp-image-32747\" src=\"https:\/\/www.castellodirivoli.org\/wp-content\/uploads\/2020\/06\/TOSETTI.png\" alt=\"\" width=\"111\" height=\"24\" srcset=\"https:\/\/www.castellodirivoli.org\/wp-content\/uploads\/2020\/06\/TOSETTI.png 482w, https:\/\/www.castellodirivoli.org\/wp-content\/uploads\/2020\/06\/TOSETTI-300x65.png 300w\" sizes=\"auto, (max-width: 111px) 100vw, 111px\" \/><\/a><\/p>\n<p>The Workshop for the Editing of Catalogues Raisonn\u00e9s\u00a0 and Publications of Art is organized under the official patronage of ICOM Italia<\/p>\n<p>\u00a0<\/p>\n<p><a href=\"https:\/\/www.castellodirivoli.org\/wp-content\/uploads\/2020\/06\/ICOMItalia.Logo_.jpg.jpg\" data-lbwps-width=\"788\" data-lbwps-height=\"158\" data-lbwps-srcsmall=\"https:\/\/www.castellodirivoli.org\/wp-content\/uploads\/2020\/06\/ICOMItalia.Logo_.jpg.jpg\"><img loading=\"lazy\" decoding=\"async\" class=\"alignleft wp-image-32750\" src=\"https:\/\/www.castellodirivoli.org\/wp-content\/uploads\/2020\/06\/ICOMItalia.Logo_.jpg.jpg\" alt=\"\" width=\"224\" height=\"45\" srcset=\"https:\/\/www.castellodirivoli.org\/wp-content\/uploads\/2020\/06\/ICOMItalia.Logo_.jpg.jpg 788w, https:\/\/www.castellodirivoli.org\/wp-content\/uploads\/2020\/06\/ICOMItalia.Logo_.jpg-300x60.jpg 300w, https:\/\/www.castellodirivoli.org\/wp-content\/uploads\/2020\/06\/ICOMItalia.Logo_.jpg-600x120.jpg 600w, https:\/\/www.castellodirivoli.org\/wp-content\/uploads\/2020\/06\/ICOMItalia.Logo_.jpg-768x154.jpg 768w\" sizes=\"auto, (max-width: 224px) 100vw, 224px\" \/><\/a><\/p>\n<p>\u00a0<\/p>\n<p>and Soprintendenza Archeologia, Belle Arti e Paesaggio per la Citt\u00e0 Metropolitana di Torino<\/p>\n<p><a href=\"https:\/\/www.castellodirivoli.org\/wp-content\/uploads\/2020\/06\/Logo-MiBACT_.jpg\" data-lbwps-width=\"859\" data-lbwps-height=\"303\" data-lbwps-srcsmall=\"https:\/\/www.castellodirivoli.org\/wp-content\/uploads\/2020\/06\/Logo-MiBACT_.jpg\"><img loading=\"lazy\" decoding=\"async\" class=\"alignleft wp-image-32749\" src=\"https:\/\/www.castellodirivoli.org\/wp-content\/uploads\/2020\/06\/Logo-MiBACT_.jpg\" alt=\"\" width=\"218\" height=\"77\" srcset=\"https:\/\/www.castellodirivoli.org\/wp-content\/uploads\/2020\/06\/Logo-MiBACT_.jpg 859w, https:\/\/www.castellodirivoli.org\/wp-content\/uploads\/2020\/06\/Logo-MiBACT_-300x106.jpg 300w, https:\/\/www.castellodirivoli.org\/wp-content\/uploads\/2020\/06\/Logo-MiBACT_-600x212.jpg 600w, https:\/\/www.castellodirivoli.org\/wp-content\/uploads\/2020\/06\/Logo-MiBACT_-768x271.jpg 768w\" sizes=\"auto, (max-width: 218px) 100vw, 218px\" \/><\/a><\/p>\n<p>\u00a0<\/p>\n<h2><strong>COORDINATOR BIOGRAPHY<\/strong><\/h2>\n<p><strong><a href=\"https:\/\/www.castellodirivoli.org\/wp-content\/uploads\/2020\/06\/Andrea-Viliani-150x150.jpg\" data-lbwps-width=\"150\" data-lbwps-height=\"150\" data-lbwps-srcsmall=\"https:\/\/www.castellodirivoli.org\/wp-content\/uploads\/2020\/06\/Andrea-Viliani-150x150.jpg\"><img loading=\"lazy\" decoding=\"async\" class=\"alignleft wp-image-32729 size-thumbnail\" src=\"https:\/\/www.castellodirivoli.org\/wp-content\/uploads\/2020\/06\/Andrea-Viliani-150x150.jpg\" alt=\"\" width=\"150\" height=\"150\" srcset=\"https:\/\/www.castellodirivoli.org\/wp-content\/uploads\/2020\/06\/Andrea-Viliani-150x150.jpg 150w, https:\/\/www.castellodirivoli.org\/wp-content\/uploads\/2020\/06\/Andrea-Viliani-scaled-100x100.jpg 100w, https:\/\/www.castellodirivoli.org\/wp-content\/uploads\/2020\/06\/Andrea-Viliani-80x80.jpg 80w\" sizes=\"auto, (max-width: 150px) 100vw, 150px\" \/><\/a><\/strong><\/p>\n<p><strong>Andrea Viliani<\/strong> is Head and Curator at the Research Institute of Castello di Rivoli Museo d\u2019Arte Contemporanea, where he had held the position of Assistant Curator from 2000 to 2005. Viliani previously held the position of General and Artistic Director of the Donnaregina Foundation for Contemporary Arts\/MADRE in Naples (2013-2019), where he also coordinated the\u00a0exhibitions and the related catalogs <em>Pompei@Madre. <\/em><em>Materia<\/em> <em>Archeologica<\/em> and\u00a0<em>Carta Bianca. Capodimonte imaginaire<\/em>. From 2009 to 2012, he was Director of the Fondazione Galleria Civica-Centro di ricerca sulla contemporaneit\u00e0 in Trento and from 2005 to 2009 he was Curator at MAMBo-Museo d\u2019Arte Moderna di Bologna. In 2006, Viliani was among the 60 <em>players<\/em> of the <em>Biennale de Lyon<\/em> and, in 2010-2012, he was part of the <em>Agent-Core Group<\/em> of <em>dOCUMENTA(13)<\/em>, co-curating the exhibitions in\u00a0Kabul\u00a0and Bamiyan (Afghanistan).\u00a0Viliani curated and commissioned scientific publications dedicated to artists such as Pawel Althamer, Francis Al\u00ffs, Giovanni Anselmo, John Armleder, Rosa Barba, Gianfranco Baruchello, Thomas Bayrle, Kerstin Br\u00e4tsch, Pier Paolo Calzolari, Adam Chodzko, Roberto Cuoghi, Haris Epaminonda, C\u00e9cile B. Evans, Lara Favaretto, Ryan Gander, Alberto Garutti, Liam Gillick, Gusmao&amp;Paiva, GuytonWalker, Mimmo Jodice, Robert Kusmirowski, Mark Leckey, David Malikovic, Melvin Moti, Deimantas Narkevicius, Roman Ondak, Diego Perrone, Vettor Pisani, Seth Price, Stephen Prina, Walid Raad, Natascha Sadr Haghighian, Bojan Sarcevic, Paul Sietsema, Nedko Solakov, Ettore Spalletti, Cally Spooner, Sturtevant, The Otolith Group, Padraig Timoney, Francesco Vezzoli, Clemens von Wedemeyer, Akram Zaatari.<\/p>\n<h2><strong>GUEST EXPERTS BIOGRAPHIES<\/strong><\/h2>\n<p><a href=\"https:\/\/www.castellodirivoli.org\/wp-content\/uploads\/2020\/06\/Beccaria-150x150.jpg\" data-lbwps-width=\"150\" data-lbwps-height=\"150\" data-lbwps-srcsmall=\"https:\/\/www.castellodirivoli.org\/wp-content\/uploads\/2020\/06\/Beccaria-150x150.jpg\"><img loading=\"lazy\" decoding=\"async\" class=\"alignleft wp-image-32730 size-thumbnail\" src=\"https:\/\/www.castellodirivoli.org\/wp-content\/uploads\/2020\/06\/Beccaria-150x150.jpg\" alt=\"\" width=\"150\" height=\"150\" srcset=\"https:\/\/www.castellodirivoli.org\/wp-content\/uploads\/2020\/06\/Beccaria-150x150.jpg 150w, https:\/\/www.castellodirivoli.org\/wp-content\/uploads\/2020\/06\/Beccaria-100x100.jpg 100w, https:\/\/www.castellodirivoli.org\/wp-content\/uploads\/2020\/06\/Beccaria-80x80.jpg 80w\" sizes=\"auto, (max-width: 150px) 100vw, 150px\" \/><\/a><\/p>\n<p><strong>Marcella Beccaria<\/strong> is Chief Curator and Curator of Collections at Castello di Rivoli Museo d\u2019Arte Contemporanea. Beccaria completed an MA in Art History and Museum Studies at the Graduate School of Arts and Science, Boston University, Boston. She started her museum curatorial work at Museum of Fine Arts Boston and at The Institute of Contemporary Art, Boston. At Castello di Rivoli she oversaw the development of the permanent collection, taking care of the research and editing of the catalogs dedicated to it; she curated and co-curated numerous exhibitions and catalogs, both personal and collective, including: <em>Roni Horn<\/em> (2000), <em>Teresita Fern\u00e1ndez<\/em> (2001), <em>Thomas Demand<\/em> (2003), <em>Vanessa Beecroft<\/em> (2004), <em>Candice Breitz<\/em> (2005), <em>Claes Oldenburg, Coosje van Bruggen<\/em> (2006), <em>Una stanza tutta per s\u00e9<\/em> (2008), <em>Vito Acconci<\/em> (2010), <em>La storia che non ho vissuto (testimone indiretto)<\/em> (2012), <em>Marinella Senatore<\/em> (2013-14), <em>Jan Dibbets<\/em> (2014), <em>Wael Shawky<\/em> (2016), <em>Gilberto Zorio<\/em> (2017), <em>Nalini Malani<\/em>\u00a0(2018), <em>Anri Sala<\/em> (2019); on the occasion of exhibitions at Castello di Rivoli, she authored the first scientific monographs dedicated to Roberto Cuoghi, Yang Fudong and Francesco Vezzoli. Beccaria collaborated with specialized magazines such as \u201cParkett\u201d, \u201cFlash Art\u201d, \u201cDomus\u201d and she contributed with essays to several catalogs edited by museum institutions including <em>La Biennale di Venezia<\/em>, Venice, Guggenheim Museum, New York, Serralves Foundation, Porto, Stedelijk Museum, Ghent, <em>Istanbul Biennial<\/em>, Kunstmuseum Winterthur, FRAC Champagne-Ardenne, Reims, SAM-Singapore Art Museum. Beccaria is Author of the monograph <em>Olafur Eliasson<\/em>, published by Tate, London. She is a member of the Directing Committee of AMACI and Professor at NABA, Milan.<\/p>\n<p><a href=\"https:\/\/www.castellodirivoli.org\/wp-content\/uploads\/2020\/06\/Belli-150x150.jpeg\" data-lbwps-width=\"150\" data-lbwps-height=\"150\" data-lbwps-srcsmall=\"https:\/\/www.castellodirivoli.org\/wp-content\/uploads\/2020\/06\/Belli-150x150.jpeg\"><img loading=\"lazy\" decoding=\"async\" class=\"alignleft wp-image-32731 size-thumbnail\" src=\"https:\/\/www.castellodirivoli.org\/wp-content\/uploads\/2020\/06\/Belli-150x150.jpeg\" alt=\"\" width=\"150\" height=\"150\" srcset=\"https:\/\/www.castellodirivoli.org\/wp-content\/uploads\/2020\/06\/Belli-150x150.jpeg 150w, https:\/\/www.castellodirivoli.org\/wp-content\/uploads\/2020\/06\/Belli-100x100.jpeg 100w, https:\/\/www.castellodirivoli.org\/wp-content\/uploads\/2020\/06\/Belli-80x80.jpeg 80w\" sizes=\"auto, (max-width: 150px) 100vw, 150px\" \/><\/a><\/p>\n<p><strong>Gabriella Belli<\/strong> started her research activity in 1978, at the Soprintendenza per i Beni storico-artistici of Trentino. In 1982, she designed the first nucleus of the new museum of modern and contemporary art of the Autonomous Province of Trento (Mart) in Trento, becoming the Director in 1989. From 1989 to 2011, she carried out and guided the museum\u2019s scientific project, taking care of and supervising numerous exhibitions and catalogs, as well as the development of the museum\u2019s archives. In December 2002, under her direction, the new Mart headquarters was inaugurated in Rovereto, and in 2009, the restored headquarters of the Casa d\u2019Arte Futurista Depero reopened with her museographical project. Since 2011, she holds the position of Director of the Fondazione Musei Civici di Venezia, where in 2013 she signs the new project for the permanent collection of the Galleria Internazionale d\u2019Arte Moderna, Ca\u2019 Pesaro. She held positions at the Universit\u00e0 di Lettere e Filosofia di Trento (2002-2004) and at the Accademia di Architettura di Mendrisio (2011-12). From 2002 to 2011 she was President of the dell\u2019Associazione Nazionale dei Musei d\u2019Arte Contemporanea Italiani (AMACI). In 2011 she was honored Knight of the Order of Arts and Letters from the French Minister of Culture and was awarded the best museographer of the year award by ICOM-Italia.<\/p>\n<p><a href=\"https:\/\/www.castellodirivoli.org\/wp-content\/uploads\/2020\/06\/Agata-Boetti-copia-150x150.jpg\" data-lbwps-width=\"150\" data-lbwps-height=\"150\" data-lbwps-srcsmall=\"https:\/\/www.castellodirivoli.org\/wp-content\/uploads\/2020\/06\/Agata-Boetti-copia-150x150.jpg\"><img loading=\"lazy\" decoding=\"async\" class=\"alignleft wp-image-32728 size-thumbnail\" src=\"https:\/\/www.castellodirivoli.org\/wp-content\/uploads\/2020\/06\/Agata-Boetti-copia-150x150.jpg\" alt=\"\" width=\"150\" height=\"150\" srcset=\"https:\/\/www.castellodirivoli.org\/wp-content\/uploads\/2020\/06\/Agata-Boetti-copia-150x150.jpg 150w, https:\/\/www.castellodirivoli.org\/wp-content\/uploads\/2020\/06\/Agata-Boetti-copia-100x100.jpg 100w, https:\/\/www.castellodirivoli.org\/wp-content\/uploads\/2020\/06\/Agata-Boetti-copia-80x80.jpg 80w\" sizes=\"auto, (max-width: 150px) 100vw, 150px\" \/><\/a><\/p>\n<p><strong>Agata Boetti<\/strong> studied Psychology in Paris, where she currently lives. Since 1995, after the death of his father, Alighiero Boetti, she establishes the Archivio Alighiero Boetti-Associazione Culturale and then, since 2014, she directs the same institution, which is dedicated to the conservation, acquisition and scientific cataloging of the documentation relating to the works and biography of the artist. The study and archiving activity is aimed at editing the General Catalog, published by the Electa publishing house: the first Tome of the General Catalog (1961-1971) was published in December 2009, the second Tome (1972-1979) in October 2012 and the first part of the third Tome (1980-1987) in June 2015. The second part of the third Tome (1980-1987) is currently in preparation, with the scientific direction of Mark Godfrey (who follows that entrusted to Jean Christophe Ammann in previous years). In 2016 Electa publishes <em>Il gioco dell\u2019arte con mio padre, Alighiero,<\/em> a collection of short stories by Agata Boetti that composes a more intimate and personal book, dedicated by her to her father Alighiero.<\/p>\n<p><strong><a href=\"https:\/\/www.castellodirivoli.org\/wp-content\/uploads\/2020\/06\/Cafagna-150x150.jpg\" data-lbwps-width=\"150\" data-lbwps-height=\"150\" data-lbwps-srcsmall=\"https:\/\/www.castellodirivoli.org\/wp-content\/uploads\/2020\/06\/Cafagna-150x150.jpg\"><img loading=\"lazy\" decoding=\"async\" class=\"alignleft wp-image-32733 size-thumbnail\" src=\"https:\/\/www.castellodirivoli.org\/wp-content\/uploads\/2020\/06\/Cafagna-150x150.jpg\" alt=\"\" width=\"150\" height=\"150\" srcset=\"https:\/\/www.castellodirivoli.org\/wp-content\/uploads\/2020\/06\/Cafagna-150x150.jpg 150w, https:\/\/www.castellodirivoli.org\/wp-content\/uploads\/2020\/06\/Cafagna-100x100.jpg 100w, https:\/\/www.castellodirivoli.org\/wp-content\/uploads\/2020\/06\/Cafagna-80x80.jpg 80w\" sizes=\"auto, (max-width: 150px) 100vw, 150px\" \/><\/a><\/strong><\/p>\n<p><strong>Fabio Cafagna <\/strong>received his PhD in History of Art at La Sapienza \u2013 Universit\u00e0 di Roma. His interests mainly address to the art of 19th and 20th century and, in particular, to the relationships between figurative arts and scientific disciplines. Between 2017 and 2020 he taught History of Contemporary Art at the Universit\u00e0 degli Studi dell\u2019Insubria, Como. For the Castello di Rivoli Museo d\u2019Arte Contemporanea, Rivoli-Turin, he is currently in charge of the editorial coordination of the general catalogue of the Francesco Federico Cerruti Collection, on long-term loan to the Museum, which opened to the public in May 2019. He curated, with Virginia Bertone and Filippo Bosco, the 19th-century section of the permanent collections of GAM \u2013 Galleria Civica d\u2019Arte Moderna e Contemporanea in Turin, within the general reorganization of 2017 coordinated by Carolyn Christov-Bakargiev. In 2017, he was a fellow at CIMA \u2013 Center for Italian Modern Art, New York; the fellowship was promoted by CIMA, SNS \u2013 Scuola Normale Superiore of Pisa and MIBACT, Ministero dei Beni e delle Attivit\u00e0 Culturali e del Turismo, Direzione Generale Arte e Architettura Contemporanee e Periferie Urbane. He is the author of <em>Il disegno del corpo. Anatomia Artistica all\u2019Accademia Albertina di Torino<\/em> (1829-1899) (Rome 2017) and <em>Indizi, sintomi, impronte. Esperienze artistiche e scientifiche nell\u2019Ottocento<\/em> (Rome 2010).<\/p>\n<p><strong><a href=\"https:\/\/www.castellodirivoli.org\/wp-content\/uploads\/2020\/06\/Christov-Bakargiev-150x150.jpg\" data-lbwps-width=\"150\" data-lbwps-height=\"150\" data-lbwps-srcsmall=\"https:\/\/www.castellodirivoli.org\/wp-content\/uploads\/2020\/06\/Christov-Bakargiev-150x150.jpg\"><img loading=\"lazy\" decoding=\"async\" class=\"alignleft wp-image-32734 size-thumbnail\" src=\"https:\/\/www.castellodirivoli.org\/wp-content\/uploads\/2020\/06\/Christov-Bakargiev-150x150.jpg\" alt=\"\" width=\"150\" height=\"150\" srcset=\"https:\/\/www.castellodirivoli.org\/wp-content\/uploads\/2020\/06\/Christov-Bakargiev-150x150.jpg 150w, https:\/\/www.castellodirivoli.org\/wp-content\/uploads\/2020\/06\/Christov-Bakargiev-100x100.jpg 100w, https:\/\/www.castellodirivoli.org\/wp-content\/uploads\/2020\/06\/Christov-Bakargiev-80x80.jpg 80w\" sizes=\"auto, (max-width: 150px) 100vw, 150px\" \/><\/a><\/strong><\/p>\n<p><strong>Carolyn Christov-Bakargiev<\/strong>, curator, researcher and scholar, is Director of Castello di Rivoli Museo d\u2019Arte Contemporanea and of Fondazione Francesco Federico Cerruti. She is the recipient of the 2019 Audrey Irmas Award for Curatorial Excellence. She holds a visiting professorship at Northwestern University, and has taught at the University of Leeds, at the Goethe Universit\u00e4t Frankfurt Am Main and at Harvard University. Christov-Bakargiev was born in the United States from a Bulgarian father and an Italian mother and she returned to Italy to conduct her studies at the universities of Genoa and Pisa. In her curatorial path, exhibitions and catalogs of international artists and of Italian Arte Povera artists cross together, including William Kentridge, Alighiero Boetti, Pierre Huyghe, Francis Al\u00ffs, Mario and Marisa Merz, and Jannis Kounellis. Following a period at Villa Medici where she curated summer exhibitions (1998-2000), she served as Chief Curator at P.S. 1 Contemporary Art Center affiliated to MoMA in New York, where she organized, amongst many other projects, the groundbreaking survey of Janet Cardiff\u2019s work. In 2002 she returned to Turin to work at Castello di Rivoli upon invitation of its former director Ida Gianelli. In 2008 she curated the <em>Sydney Biennial<\/em>, followed by <em>dOCUMENTA(13)<\/em> in 2012, and the <em>14th Istanbul Biennial<\/em> in 2015. The following year she returned to Turin where, until 2017, she directed both GAM Galleria Civica d\u2019Arte Moderna e Contemporanea and Castello di Rivoli Museo d\u2019Arte Contemporanea. Amongst her major publications is the monograph <em>Arte Povera<\/em> (Phaidon Press, London, 1999).<\/p>\n<p><strong><a href=\"https:\/\/www.castellodirivoli.org\/wp-content\/uploads\/2020\/06\/Screenshot-2020-06-04-at-18.44.16-150x150.png\" data-lbwps-width=\"150\" data-lbwps-height=\"150\" data-lbwps-srcsmall=\"https:\/\/www.castellodirivoli.org\/wp-content\/uploads\/2020\/06\/Screenshot-2020-06-04-at-18.44.16-150x150.png\"><img loading=\"lazy\" decoding=\"async\" class=\"alignleft wp-image-32746 size-thumbnail\" src=\"https:\/\/www.castellodirivoli.org\/wp-content\/uploads\/2020\/06\/Screenshot-2020-06-04-at-18.44.16-150x150.png\" alt=\"\" width=\"150\" height=\"150\" srcset=\"https:\/\/www.castellodirivoli.org\/wp-content\/uploads\/2020\/06\/Screenshot-2020-06-04-at-18.44.16-150x150.png 150w, https:\/\/www.castellodirivoli.org\/wp-content\/uploads\/2020\/06\/Screenshot-2020-06-04-at-18.44.16-100x100.png 100w, https:\/\/www.castellodirivoli.org\/wp-content\/uploads\/2020\/06\/Screenshot-2020-06-04-at-18.44.16-80x80.png 80w\" sizes=\"auto, (max-width: 150px) 100vw, 150px\" \/><\/a><\/strong><\/p>\n<p><strong>Sara Codutti <\/strong>graduated from the IUAV \u2013 Istituto Universitario di Architettura di Venezia and worked on various exhibition projects in Italy and, in Germany, at the State Art Collections &#8211; SKD in Dresden. She currently collaborates with Studio Fabio Mauri in Rome, which deals with the study, archiving and cataloging of the works and exhibitions of the artist, who died in 2009, and for which she is editing the general catalog with the scientific direction by Carolyn Christov-Bakargiev. She also writes for some periodicals and publishing houses, including Nero Editions.<\/p>\n<p><strong><img loading=\"lazy\" decoding=\"async\" class=\"alignleft wp-image-32735 size-thumbnail\" src=\"https:\/\/www.castellodirivoli.org\/wp-content\/uploads\/2020\/06\/Cora\u0300-150x150.jpg\" alt=\"\" width=\"150\" height=\"150\" srcset=\"https:\/\/www.castellodirivoli.org\/wp-content\/uploads\/2020\/06\/Cora\u0300-150x150.jpg 150w, https:\/\/www.castellodirivoli.org\/wp-content\/uploads\/2020\/06\/Cora\u0300-100x100.jpg 100w, https:\/\/www.castellodirivoli.org\/wp-content\/uploads\/2020\/06\/Cora\u0300-80x80.jpg 80w\" sizes=\"auto, (max-width: 150px) 100vw, 150px\" \/><\/strong><\/p>\n<p><strong>Bruno Cor\u00e0<\/strong> is Chairman of the Fondazione Palazzo Albizzini Collezione Burri. He began his research in the mid-sixties between Milan and Rome. Since 1970, he coordinated the initiatives of the Incontri Internazionali d&#8217;Arte, helping to conceive and prepare meetings and exhibitions such as, among others, <em>Contemporanea<\/em> (1973-74). From 1979 to 1999 he was Professor and Academic of Honor of the Academy of Fine Arts \u201cPietro Vannucci\u201d in Perugia. He also taught at the Universit\u00e0 degli Studi di Cassino e del Lazio Meridionale from 1999 to 2006 and at the Universit\u00e0 degli Studi di Firenze, Florence from 2007 to 2009. Since 2013, he is Emeritus Professor of History of Contemporary Art at the Athens School of Fine Arts. He was Director of Palazzo Fabroni Arti Visive Contemporanee in Pistoia, the Centro per l\u2019Arte Contemporanea Luigi Pecci in Prato, the Centro d\u2019Arte Moderna e Contemporanea at La Spezia, the Museo d\u2019Arte Moderna e Contemporanea in Lugano. Main exhibitions and catalogs curated: <em>Gerhard Richter<\/em>, (Museo Pecci\/Gli Ori, Prato, 2000<em>), Jannis Kounellis <\/em>(Fondazione Arnaldo Pomodoro\/Skira, Milan, 2006),<em> Alberto Burri <\/em>(general catalog, six volumes, Fondazione Palazzo Albizzini Collezione Burri, Citt\u00e0 di Castello, 2015).<\/p>\n<p><a href=\"https:\/\/www.castellodirivoli.org\/wp-content\/uploads\/2020\/06\/Costa-copia-150x150.jpg\" data-lbwps-width=\"150\" data-lbwps-height=\"150\" data-lbwps-srcsmall=\"https:\/\/www.castellodirivoli.org\/wp-content\/uploads\/2020\/06\/Costa-copia-150x150.jpg\"><img loading=\"lazy\" decoding=\"async\" class=\"alignleft wp-image-32736 size-thumbnail\" src=\"https:\/\/www.castellodirivoli.org\/wp-content\/uploads\/2020\/06\/Costa-copia-150x150.jpg\" alt=\"\" width=\"150\" height=\"150\" srcset=\"https:\/\/www.castellodirivoli.org\/wp-content\/uploads\/2020\/06\/Costa-copia-150x150.jpg 150w, https:\/\/www.castellodirivoli.org\/wp-content\/uploads\/2020\/06\/Costa-copia-100x100.jpg 100w, https:\/\/www.castellodirivoli.org\/wp-content\/uploads\/2020\/06\/Costa-copia-80x80.jpg 80w\" sizes=\"auto, (max-width: 150px) 100vw, 150px\" \/><\/a><\/p>\n<p><strong>C<\/strong><strong>hiara Costa<\/strong>, art historian and researcher, has been Head of Programs of the Fondazione Prada since 2019, where since 2012 she held the role of Manager and Editor of Publications. Recently she edited the monograph of Lizzie Fitch and Ryan Trecartin (2019), and the catalogs of the exhibitions <em>Post Zang Tumb Tuuum&#8230;<\/em> (2018) and <em>TV 70<\/em> (2017). She is co-curator of the first edition of the <em>Books &amp; Others<\/em> festival, organized by ICA Milano in 2019, and curator of <em>Johannes<\/em>, the podcast of Ordet, a production space in Milan. She has written for numerous magazines such as \u201cMousse\u201d, \u201cNero\u201d, \u201cArte\u201d, \u201cExibart\u201d, \u201cVogue.it\u201d and has collaborated with the Treccani encyclopedia. She is the author of the catalog dedicated to the history of the Dwan Gallery, Los Angeles and New York (Skira, Milan 2016, edited by Germano Celant). She was in charge of the \u201cKaleidoscope\u201d publishing house and Project manager of the homonymous exhibition space. She has also collaborated with the <em>Venice Biennale<\/em>, <em>Manifesta 7<\/em>, the Swiss Institute in Rome, the CCCS Strozzina in Florence and the research agency Connecting Cultures in Milan.<\/p>\n<p><strong><a href=\"https:\/\/www.castellodirivoli.org\/wp-content\/uploads\/2020\/06\/Maddalena-Disch-150x150.jpeg\" data-lbwps-width=\"150\" data-lbwps-height=\"150\" data-lbwps-srcsmall=\"https:\/\/www.castellodirivoli.org\/wp-content\/uploads\/2020\/06\/Maddalena-Disch-150x150.jpeg\"><img loading=\"lazy\" decoding=\"async\" class=\"alignleft wp-image-32738 size-thumbnail\" src=\"https:\/\/www.castellodirivoli.org\/wp-content\/uploads\/2020\/06\/Maddalena-Disch-150x150.jpeg\" alt=\"\" width=\"150\" height=\"150\" srcset=\"https:\/\/www.castellodirivoli.org\/wp-content\/uploads\/2020\/06\/Maddalena-Disch-150x150.jpeg 150w, https:\/\/www.castellodirivoli.org\/wp-content\/uploads\/2020\/06\/Maddalena-Disch-100x100.jpeg 100w, https:\/\/www.castellodirivoli.org\/wp-content\/uploads\/2020\/06\/Maddalena-Disch-80x80.jpeg 80w\" sizes=\"auto, (max-width: 150px) 100vw, 150px\" \/><\/a><\/strong><\/p>\n<p><strong>Maddalena Disch<\/strong> is Head of Giulio Paolini\u2019s Archives and Catalogue Raisonn\u00e9 for the Fondazione Giulio e Anna Paolini, created by the artist in 2004 in Turin. She is the author of a collection of writings and interviews by Paolini (1995), as well as the first two volumes of his Catalogue raisonn\u00e9 (Skira, Milan 2008). For the Fondazione Giulio e Anna Paolini she created two editorial series, one of which dedicated to works belonging to the Foundation\u2019s collection. For the same institution she oversaw the digital archiving of the artist\u2019s works and recently started the reasoned cataloging of personal exhibitions. Author of essays dedicated to the artists of Arte Povera, she collaborated in particular with Giovanni Anselmo, for whom she edited, among others, a collection of critical writings and texts (1998) and in 2016 she participated in the monograph on the artist published by Skira on the occasion of the exhibition at the Castello di Rivoli Museo d\u2019Arte Contemporanea. For the Fondazione Merz, Turin, she developed a reasoned cataloging project for Mario Merz\u2019s igloos (2009-17). In 2019 she co-curated the exhibition <em>Entrare nell\u2019opera. Processes and Performative Attitudes in <\/em><em>Arte Povera<\/em> with Nike B\u00e4tzner, Christiane Meyer-Stoll and Valentina Pero, Kunstmuseum Liechtenstein, Vaduz and Mus\u00e9e d\u2019art moderne et contemporain, Saint-\u00c9tienne M\u00e9tropole.<\/p>\n<p><a href=\"https:\/\/www.castellodirivoli.org\/wp-content\/uploads\/2020\/06\/Glenn-Phillips-copia-150x150.jpg\" data-lbwps-width=\"150\" data-lbwps-height=\"150\" data-lbwps-srcsmall=\"https:\/\/www.castellodirivoli.org\/wp-content\/uploads\/2020\/06\/Glenn-Phillips-copia-150x150.jpg\"><img loading=\"lazy\" decoding=\"async\" class=\"alignleft wp-image-32737 size-thumbnail\" src=\"https:\/\/www.castellodirivoli.org\/wp-content\/uploads\/2020\/06\/Glenn-Phillips-copia-150x150.jpg\" alt=\"\" width=\"150\" height=\"150\" srcset=\"https:\/\/www.castellodirivoli.org\/wp-content\/uploads\/2020\/06\/Glenn-Phillips-copia-150x150.jpg 150w, https:\/\/www.castellodirivoli.org\/wp-content\/uploads\/2020\/06\/Glenn-Phillips-copia-100x100.jpg 100w, https:\/\/www.castellodirivoli.org\/wp-content\/uploads\/2020\/06\/Glenn-Phillips-copia-80x80.jpg 80w\" sizes=\"auto, (max-width: 150px) 100vw, 150px\" \/><\/a><\/p>\n<p><strong>Glenn Phillips<\/strong> is Curator and Head of Modern and Contemporary Collections, the Getty Research Institute, Los Angeles. He specializes in postwar and contemporary art, in particular video and performance. He organized the exhibitions <em>California Video<\/em> \u2013 winner of the International Association of Art Critics award for best exhibition of digital media, video, or film, in 2008 &#8211; and <em>Evidence of Movement<\/em>, as well as <em>Pioneers of Brazilian Video Art, 1973-1983<\/em>, <em>Surveying the Border: Three Decades of Video Art of the United States and Mexico<\/em>, <em>Radical Communication: Japanese Video Art, 1968-1988<\/em>. He was Assistant Curator for Special Projects at the Whitney Museum of American Art and he was a member of the core organizational team for <em>Pacific Standard Time: Art in L.A. 1945-1980<\/em>, a series of over sixty concurrent exhibitions that were held across Southern California between 2011 and 2012. In 2018 he curated, together with Philipp Kaiser, <em>Harald Szeemann: Museum of Obsessions<\/em> (travelling exhibition: The Getty Research Institute, Los Angeles, Kunsthalle Bern, Kunsthalle D\u00fcsseldorf, Castello di Rivoli Museo d\u2019Arte Contemporanea, Rivoli-Turin) and the related catalog. He is currently working on a retrospective of the dancer Blondell Cummings.<\/p>\n<p><strong><a href=\"https:\/\/www.castellodirivoli.org\/wp-content\/uploads\/2020\/06\/Printz-150x150.jpg\" data-lbwps-width=\"150\" data-lbwps-height=\"150\" data-lbwps-srcsmall=\"https:\/\/www.castellodirivoli.org\/wp-content\/uploads\/2020\/06\/Printz-150x150.jpg\"><img loading=\"lazy\" decoding=\"async\" class=\"alignleft wp-image-32739 size-thumbnail\" src=\"https:\/\/www.castellodirivoli.org\/wp-content\/uploads\/2020\/06\/Printz-150x150.jpg\" alt=\"\" width=\"150\" height=\"150\" srcset=\"https:\/\/www.castellodirivoli.org\/wp-content\/uploads\/2020\/06\/Printz-150x150.jpg 150w, https:\/\/www.castellodirivoli.org\/wp-content\/uploads\/2020\/06\/Printz-100x100.jpg 100w, https:\/\/www.castellodirivoli.org\/wp-content\/uploads\/2020\/06\/Printz-80x80.jpg 80w\" sizes=\"auto, (max-width: 150px) 100vw, 150px\" \/><\/a><\/strong><\/p>\n<p><strong>Neil Printz<\/strong> is the Editor of the <em>Andy Warhol Catalogue Raisonn\u00e9: Paintings, Sculptures and Drawings<\/em>, sponsored by the Andy Warhol Foundation for the Visual Arts in New York. Dr. Printz began working on the Catalogue Raisonn\u00e9 in 1993, and is now preparing the manuscript for Volume 6<em>:<\/em> <em>Paintings 1978-1980<\/em>. He is also working on a companion volume that will be dedicated to Warhol\u2019s drawings of 1970s. The Catalogue Raisonn\u00e9 was initiated by the late Swiss art dealer Thomas Ammann in 1977 when Warhol was in mid-career. Volumes 1 and 2<em>: Paintings and Sculpture 1961-1963<\/em> and <em>Paintings and Sculptures 1964-196<\/em>9 were published by Phaidon Press in 2002 and 2004 in cooperation with Thomas Amman Fine Art, Zurich and Georg Frei as Co-Editor. Volumes 3-5: <em>Paintings and Sculptures<\/em> <em>1970-1974<\/em>, <em>Paintings and Sculpture late 1974-1976<\/em>, and <em>Paintings 1976-1978<\/em> were published by Phaidon in 2010, 2014 and 2018. Each volume comprehensively documents Warhol\u2019s work during a particular period, discusses his sources, working materials and techniques, and reconstructs his various studios and important exhibitions of his work. Catalogue entries for each work include detailed histories of ownership, exhibitions and literature. As a research curator at The Menil Collection, he co-organized two exhibitions of Warhol\u2019s work with the curator Walter Hopps: <em>Warhol Shadows <\/em>in 1987 and <em>Andy Warhol: Death and Disaster <\/em>in 1988. He completed his dissertation on Warhol\u2019s early work, <em>\u201cOther Voices, Other Rooms\u201d: Between Andy Warhol and Truman Capote 1948-1961<\/em> at the Graduate Center, City University of New York in 2000.\u00a0 Between 1999 and 2004, he initiated work on a catalogue raisonn\u00e9 of the sculpture, design, and drawings of the Japanese-American artist Isamu Noguchi, sponsored by the Isamu Noguchi Foundation, New York.<\/p>\n<p><strong><a href=\"https:\/\/www.castellodirivoli.org\/wp-content\/uploads\/2020\/06\/Robecchi-150x150.jpg\" data-lbwps-width=\"150\" data-lbwps-height=\"150\" data-lbwps-srcsmall=\"https:\/\/www.castellodirivoli.org\/wp-content\/uploads\/2020\/06\/Robecchi-150x150.jpg\"><img loading=\"lazy\" decoding=\"async\" class=\"alignleft wp-image-32740 size-thumbnail\" src=\"https:\/\/www.castellodirivoli.org\/wp-content\/uploads\/2020\/06\/Robecchi-150x150.jpg\" alt=\"\" width=\"150\" height=\"150\" srcset=\"https:\/\/www.castellodirivoli.org\/wp-content\/uploads\/2020\/06\/Robecchi-150x150.jpg 150w, https:\/\/www.castellodirivoli.org\/wp-content\/uploads\/2020\/06\/Robecchi-100x100.jpg 100w, https:\/\/www.castellodirivoli.org\/wp-content\/uploads\/2020\/06\/Robecchi-80x80.jpg 80w\" sizes=\"auto, (max-width: 150px) 100vw, 150px\" \/><\/a><\/strong><\/p>\n<p><strong>Michele Robecchi<\/strong> lives and works in London, where he sees to the Contemporary Art publications for Phaidon Press. He edited monographs dedicated to Francis Al\u00ffs, Mark Bradford, Lili Reynaud-Dewar, Elmgreen &amp; Dragset, Sharon Hayes, Jannis Kounellis, Yayoi Kusama, Kerry James Marshall, Trevor Paglen, Frank Stella, Sarah Sze, Adri\u00e1n Villar Rojas and others. He was one of the curators of the first and second editions of the <em>Tirana Biennale <\/em>(2001-2003) and he served on the selection committee for the Swiss Pavilion at the <em>Venice Bennale <\/em>(2017-2019). He regularly collaborates with numerous magazines, such as \u201cArt in America\u201d, \u201cArt Pulse\u201d, \u201cThe Brooklyn Railway\u201d, \u201cCamera Austria\u201d, \u201cFlash Art\u201d, \u201cInterview\u201d and \u201cMousse\u201d. He is author, together with Francesca Bonazzoli, of <em>Io sono un Mito: I capolavori dell\u2019arte che sono diventate icone del nostro tempo<\/em> (2013) and <em>Smascherati: Storie e segreti dietro i ritratti pi\u00f9 famosi<\/em> (2018). From 2008 to 2018 he was Visiting Professor at Christie\u2019s Education, London.<\/p>\n<p><a href=\"https:\/\/www.castellodirivoli.org\/wp-content\/uploads\/2020\/06\/PHOTO-2020--150x150.jpg\" data-lbwps-width=\"150\" data-lbwps-height=\"150\" data-lbwps-srcsmall=\"https:\/\/www.castellodirivoli.org\/wp-content\/uploads\/2020\/06\/PHOTO-2020--150x150.jpg\"><img loading=\"lazy\" decoding=\"async\" class=\"alignleft wp-image-32866 size-thumbnail\" src=\"https:\/\/www.castellodirivoli.org\/wp-content\/uploads\/2020\/06\/PHOTO-2020--150x150.jpg\" alt=\"\" width=\"150\" height=\"150\" srcset=\"https:\/\/www.castellodirivoli.org\/wp-content\/uploads\/2020\/06\/PHOTO-2020--150x150.jpg 150w, https:\/\/www.castellodirivoli.org\/wp-content\/uploads\/2020\/06\/PHOTO-2020--100x100.jpg 100w, https:\/\/www.castellodirivoli.org\/wp-content\/uploads\/2020\/06\/PHOTO-2020--80x80.jpg 80w\" sizes=\"auto, (max-width: 150px) 100vw, 150px\" \/><\/a><\/p>\n<p><strong>Chiara Sarteanesi <\/strong>is Curator and Conservator of the Artistic Heritage at Fondazione Palazzo Albizzini Collezione Burri. She published, amongst others, the volume <em>Fondazione Burri<\/em> (Skira, 1999) and, recently, <em>Burri. <\/em><em>The Permanent Collection of Graphic Work<\/em> (Fondazione Palazzo Albizzini Collezione Burri, 2017). She co-curated several exhibitions with Maurizio Calvesi: in 2002, <em>Alberto Burri<\/em>, Sala Espositiva Chiostri San Domenico, Reggio Emilia; in 2006, <em>Alberto Burri<\/em>, Museo Nacional Centro arte Reina Sofia, Madrid; in 2008, <em>Alberto Burri<\/em>, Triennale, Milan. In 1998 she published <em>Alberto Burri 1948-1993<\/em> (Skira). Sarteanesi has co-curated, together with Bruno Cor\u00e0, the six volumes of the general catalog of Alberto Burri, an editorial project promoted and edited by Fondazione Palazzo Albizzini Collezione Burri, an institution established in 1978 in Citt\u00e0 di Castello by the will of the artist and where the Burri Archive is active. The General Catalog documents the artist\u2019s research through the color plates of the individual works accompanied by specially commissioned historical-critical essays, and a selected critical anthology that accompanies each volume: <em>Pittura (dal 1945 al 1994) <\/em>(volumes I, II and III); <em>Tempere e disegni, sculture e scenografie<\/em>; <em>Opera grafica<\/em>; <em>Inventario cronologico<\/em>.<\/p>\n<p><strong><a href=\"https:\/\/www.castellodirivoli.org\/wp-content\/uploads\/2020\/06\/Schellmann-150x150.jpg\" data-lbwps-width=\"150\" data-lbwps-height=\"150\" data-lbwps-srcsmall=\"https:\/\/www.castellodirivoli.org\/wp-content\/uploads\/2020\/06\/Schellmann-150x150.jpg\"><img loading=\"lazy\" decoding=\"async\" class=\"alignleft wp-image-32742 size-thumbnail\" src=\"https:\/\/www.castellodirivoli.org\/wp-content\/uploads\/2020\/06\/Schellmann-150x150.jpg\" alt=\"\" width=\"150\" height=\"150\" srcset=\"https:\/\/www.castellodirivoli.org\/wp-content\/uploads\/2020\/06\/Schellmann-150x150.jpg 150w, https:\/\/www.castellodirivoli.org\/wp-content\/uploads\/2020\/06\/Schellmann-100x100.jpg 100w, https:\/\/www.castellodirivoli.org\/wp-content\/uploads\/2020\/06\/Schellmann-80x80.jpg 80w\" sizes=\"auto, (max-width: 150px) 100vw, 150px\" \/><\/a>\u00a0<\/strong><\/p>\n<p><strong>J\u00f6rg Schellmann<\/strong> has been publishing contemporary art editions since 1969 through Edition Schellmann (Munich-New York). The first and one of his most significant collaboration was with Joseph Beuys, resulting in the publication of some of his best-known prints and objects, and the catalogue raisonn\u00e9 of his complete editions, currently released in its eighth edition. Later, Edition Schellmann published prints and objects by Andy Warhol, Christo, Jannis Kounellis, and Donald Judd, and published the catalogues raisonn\u00e9s for these artists as well. In 1989 the publishing activities of Edition Schellmann were honoured by an exhibition at the MoMA-Museum of Modern Art, New York (<em>For 20 Years: Editions Schellmann<\/em>). In 1997 Edition Schellmann was commissioned to publish and distribute the official <em>documenta X<\/em> and <em>documenta 11<\/em> editions consisting of fifteen artworks each. In 2003 and 2005, Schellmann published prints and objects for the <em>50th<\/em> and <em>51st Venice Biennale<\/em>.\u00a0\u00a0\u00a0<strong>\u00a0<\/strong><\/p>\n<p><a href=\"https:\/\/www.castellodirivoli.org\/wp-content\/uploads\/2020\/06\/Soldaini-150x150.jpg\" data-lbwps-width=\"150\" data-lbwps-height=\"150\" data-lbwps-srcsmall=\"https:\/\/www.castellodirivoli.org\/wp-content\/uploads\/2020\/06\/Soldaini-150x150.jpg\"><img loading=\"lazy\" decoding=\"async\" class=\"alignleft wp-image-32743 size-thumbnail\" src=\"https:\/\/www.castellodirivoli.org\/wp-content\/uploads\/2020\/06\/Soldaini-150x150.jpg\" alt=\"\" width=\"150\" height=\"150\" srcset=\"https:\/\/www.castellodirivoli.org\/wp-content\/uploads\/2020\/06\/Soldaini-150x150.jpg 150w, https:\/\/www.castellodirivoli.org\/wp-content\/uploads\/2020\/06\/Soldaini-100x100.jpg 100w, https:\/\/www.castellodirivoli.org\/wp-content\/uploads\/2020\/06\/Soldaini-80x80.jpg 80w\" sizes=\"auto, (max-width: 150px) 100vw, 150px\" \/><\/a><\/p>\n<p><strong>Antonella Soldaini<\/strong> was Curator at the Centro Pecci in Prato, under the direction of Ida Panicelli (1993-1994), and between 1994 and 1995 she was temporary regent of the same institution. In those years she collaborated on exhibitions such as <em>Inside out<\/em> (1993), curated by Panicelli, <em>Robert Mapplethorpe<\/em> (1993-1994) curated by Germano Celant, and produced the first exhibition in an Italian public museum by Jan Fabre (<em>Jan Fabre: questa pazzia \u00e8 fantastica<\/em>, 1994), as well as other solo exhibitions, including the one dedicated to Marco Bagnoli (1995-1996), and group exhibitions. She has collaborated with several institutions including Whitechapel Gallery, London, Museum of Contemporary Art, Sydney, Castello di Rivoli Museo d\u2019Arte Contemporanea, Rivoli-Turin, MADRE, Naples, Triennale di Milano, Milan and the <em>Venice Biennale<\/em>. With Celant she was also Curator and Associate Editor at the Fondazione Prada in Milan, taking care of numerous scientific publications and catalogues raisonn\u00e9s which became reference monographs for the method adopted. Soldaini is currently Director of the Mimmo Rotella Institute, Milan, for which she curated exhibitions at the Palazzo Reale in Milan (2014) and at the Museo Casa Rusca, Locarno (2016), followed by the most comprehensive retrospective ever dedicated to the artist, curated by her with Celant at the Galleria Nazionale di Roma in 2018.<\/p>\n<p><strong><a href=\"https:\/\/www.castellodirivoli.org\/wp-content\/uploads\/2020\/06\/Spector-150x150.jpg\" data-lbwps-width=\"150\" data-lbwps-height=\"150\" data-lbwps-srcsmall=\"https:\/\/www.castellodirivoli.org\/wp-content\/uploads\/2020\/06\/Spector-150x150.jpg\"><img loading=\"lazy\" decoding=\"async\" class=\"alignleft wp-image-32744 size-thumbnail\" src=\"https:\/\/www.castellodirivoli.org\/wp-content\/uploads\/2020\/06\/Spector-150x150.jpg\" alt=\"\" width=\"150\" height=\"150\" srcset=\"https:\/\/www.castellodirivoli.org\/wp-content\/uploads\/2020\/06\/Spector-150x150.jpg 150w, https:\/\/www.castellodirivoli.org\/wp-content\/uploads\/2020\/06\/Spector-100x100.jpg 100w, https:\/\/www.castellodirivoli.org\/wp-content\/uploads\/2020\/06\/Spector-80x80.jpg 80w\" sizes=\"auto, (max-width: 150px) 100vw, 150px\" \/><\/a><\/strong><\/p>\n<p><strong>Nancy Spector <\/strong>is Artistic Director and Jennifer and David Stockman Chief Curator at the Solomon R. Guggenheim Museum, New York. She organized exhibitions dedicated to artists such as Felix Gonzalez-Torres, Richard Prince, Louise Bourgeois, Marina Abramovi\u0107, Tino Sehgal and Maurizio Cattelan (<em>All<\/em>), to Matthew Barney\u2019s <em>Cremaster<\/em> cycle and to the engagement by Barney with Joseph Beuys\u2019 work (<em>All in the Present Must Be Transformed: Matthew\u00a0Barney\u00a0and Joseph\u00a0Beuys<\/em>). Spector also conceived important group shows including <em>Moving Pictures<\/em>, <em>Singular Forms (Sometimes Repeated)<\/em> <em>Theanyspacewhatever<\/em>, and <em>Artistic License: Six Takes on the Guggenheim Collection<\/em>, together with the related catalogs. She was adjunct curator of the 1997 <em>Venice Biennale <\/em>and co-organizer of the first <em>Berlin Biennial<\/em> in 1998. She contributed to numerous books on contemporary visual culture with essays on artists such as Luc Tuymans, Douglas Gordon and Anna Gaskell. In 2007 she was the U.S. Commissioner for the <em>Venice Biennale<\/em>, where she presented an exhibition of work by Felix Gonzalez-Torres. Spector is a recipient of the Peter Norton Family Foundation Curators Award, five International Art Critics Association Awards, and a Tribeca Disruptive Innovation Award for her work on<em> YouTube Play<\/em>, a Biennial of Creative Video.<\/p>\n<p><strong><a href=\"https:\/\/www.castellodirivoli.org\/wp-content\/uploads\/2020\/06\/Vecellio-150x150.jpg\" data-lbwps-width=\"150\" data-lbwps-height=\"150\" data-lbwps-srcsmall=\"https:\/\/www.castellodirivoli.org\/wp-content\/uploads\/2020\/06\/Vecellio-150x150.jpg\"><img loading=\"lazy\" decoding=\"async\" class=\"alignleft wp-image-32745 size-thumbnail\" src=\"https:\/\/www.castellodirivoli.org\/wp-content\/uploads\/2020\/06\/Vecellio-150x150.jpg\" alt=\"\" width=\"150\" height=\"150\" srcset=\"https:\/\/www.castellodirivoli.org\/wp-content\/uploads\/2020\/06\/Vecellio-150x150.jpg 150w, https:\/\/www.castellodirivoli.org\/wp-content\/uploads\/2020\/06\/Vecellio-100x100.jpg 100w, https:\/\/www.castellodirivoli.org\/wp-content\/uploads\/2020\/06\/Vecellio-80x80.jpg 80w\" sizes=\"auto, (max-width: 150px) 100vw, 150px\" \/><\/a><\/strong><\/p>\n<p><strong>Marianna Vecellio<\/strong> is curator, researcher and writer. She is art historian with a master\u2019s degree in Modern and Contemporary Art at La Sapienza \u2013 Universit\u00e0 di Roma. Since 2012 she is Curator at Castello di Rivoli Museo d\u2019Arte Contemporanea, Rivoli\u2013Torino, where she started working in 2007. She has conceived and realized exhibitions and publications with a particular focus on the subjectivity in digital society. Amongst these: <em>Massimo Grimaldi. Before The Images<\/em> (2009), <em>Intenzione Manifesta<\/em> (2013-14), <em>Paloma Varga Weisz<\/em> (2015-16), <em>Rachel Rose<\/em> (2016-17), <em>Ed Atkins<\/em> (2016-17), <em>C\u00e9cile B. Evans<\/em> (2017-18), <em>Anna Boghiguian<\/em> (2017-18), <em>Cally Spooner <\/em>(2018-19), <em>Hito Steyerl. <\/em><em>The City of Broken Windows<\/em> (2018-19),<em> Michael Rakowitz. Imperfect Binding<\/em> (2019-20), <em>Claudia Comte, <\/em>(2019-20),<em> Pedro Neves Marques<\/em> (2019-20), <em>Renato Leotta <\/em>(2020). At Castello di Rivoli she has also conceived and curated the transdisciplinary projects <em>Abitare il minerale<\/em> (2018) and <em>Comp(h)ost<\/em> (2019-20), exploring the new forms of coexistence and transformation of the living between ecology and post-human. She edited the monographs <em>John McCracken<\/em><em> and <\/em><em>Luigi Ontani<\/em><em>,<\/em> as well as the scientific apparatus of the first reference monographs of Gianni Piacentino, Robert Overby<em>,<\/em> Giorgio Griffa; she issued essays in catalogs of international institutions such as Le Consortium, Dijon, Bergen Kunsthall, Bergen, Centre d\u2019Art Contemporain, Geneva, Serralves Foundation, Porto, Whitechapel Gallery, London, The Sharjah Art Foundation, Sharjah. She collaborates with Italian and international magazines, including \u201c<em>Flash Art<\/em><em>\u201d<\/em><em> and<\/em><strong> \u201c<\/strong><em>L\u2019Officiel<\/em><em>\u201d<\/em>. From 2009 to 2016 she was member of the Commission for Public Art of the City of Turin. Since 2016 Vecellio is Chief Curator of <em>Curva Blu<\/em>, a residency program for international artists in Favignana (Trapani).<\/p>\n\n\n<p><\/p>\n","protected":false},"excerpt":{"rendered":"<p>Catalogues raisonn\u00e9s \/ Reasoning on catalogs. Workshop for the Editing of Catalogues Raisonn\u00e9s and Publications of Art \u00a0In memory of Germano Celant (1940-2020) CRRI &#8211; Castello di Rivoli Research Institute\/Library [&hellip;]<\/p>\n","protected":false},"author":2,"featured_media":32732,"comment_status":"open","ping_status":"open","sticky":false,"template":"","format":"standard","meta":{"_acf_changed":false,"inline_featured_image":false,"footnotes":""},"categories":[1950],"tags":[],"class_list":["post-103618","post","type-post","status-publish","format-standard","has-post-thumbnail","hentry","category-uncategorized"],"acf":[],"yoast_head":"<!-- This site is optimized with the Yoast SEO plugin v27.4 - https:\/\/yoast.com\/product\/yoast-seo-wordpress\/ -->\n<title>Workshop on Editing Catalogues Raisonn\u00e9s at Castello di Rivoli<\/title>\n<meta name=\"description\" content=\"A specialized workshop at Castello di Rivoli on editing catalogues raisonn\u00e9s and art publications, honoring Germano Celant and led by leading scholars and curators.\" \/>\n<meta name=\"robots\" content=\"index, follow, max-snippet:-1, max-image-preview:large, max-video-preview:-1\" \/>\n<link rel=\"canonical\" href=\"https:\/\/www.castellodirivoli.org\/en\/workshop-for-the-editing-of-catalogues-raisonnes-and-publications-of-art\/\" \/>\n<meta property=\"og:locale\" content=\"en_US\" \/>\n<meta property=\"og:type\" content=\"article\" \/>\n<meta property=\"og:title\" content=\"Workshop on Editing Catalogues Raisonn\u00e9s at Castello di Rivoli\" \/>\n<meta property=\"og:description\" content=\"A specialized workshop at Castello di Rivoli on editing catalogues raisonn\u00e9s and art publications, honoring Germano Celant and led by leading scholars and curators.\" \/>\n<meta property=\"og:url\" content=\"https:\/\/www.castellodirivoli.org\/en\/workshop-for-the-editing-of-catalogues-raisonnes-and-publications-of-art\/\" \/>\n<meta property=\"og:site_name\" content=\"Castello di Rivoli\" \/>\n<meta property=\"article:published_time\" content=\"2020-06-04T15:58:28+00:00\" \/>\n<meta property=\"article:modified_time\" content=\"2025-11-21T09:46:55+00:00\" \/>\n<meta property=\"og:image\" content=\"https:\/\/www.castellodirivoli.org\/wp-content\/uploads\/2020\/06\/biblioteca.jpg\" \/>\n\t<meta property=\"og:image:width\" content=\"2016\" \/>\n\t<meta property=\"og:image:height\" content=\"1512\" \/>\n\t<meta property=\"og:image:type\" content=\"image\/jpeg\" \/>\n<meta name=\"author\" content=\"castello\" \/>\n<meta name=\"twitter:card\" content=\"summary_large_image\" \/>\n<meta name=\"twitter:label1\" content=\"Written by\" \/>\n\t<meta name=\"twitter:data1\" content=\"castello\" \/>\n\t<meta name=\"twitter:label2\" content=\"Est. reading time\" \/>\n\t<meta name=\"twitter:data2\" content=\"27 minutes\" \/>\n<script type=\"application\/ld+json\" class=\"yoast-schema-graph\">{\"@context\":\"https:\\\/\\\/schema.org\",\"@graph\":[{\"@type\":\"Article\",\"@id\":\"https:\\\/\\\/www.castellodirivoli.org\\\/en\\\/workshop-for-the-editing-of-catalogues-raisonnes-and-publications-of-art\\\/#article\",\"isPartOf\":{\"@id\":\"https:\\\/\\\/www.castellodirivoli.org\\\/en\\\/workshop-for-the-editing-of-catalogues-raisonnes-and-publications-of-art\\\/\"},\"author\":{\"name\":\"castello\",\"@id\":\"https:\\\/\\\/www.castellodirivoli.org\\\/en\\\/#\\\/schema\\\/person\\\/e4d5b2df169e4ad51e2cfd13ea6832f1\"},\"headline\":\"Workshop for the Editing of Catalogues Raisonn\u00e9s and Publications of Art\",\"datePublished\":\"2020-06-04T15:58:28+00:00\",\"dateModified\":\"2025-11-21T09:46:55+00:00\",\"mainEntityOfPage\":{\"@id\":\"https:\\\/\\\/www.castellodirivoli.org\\\/en\\\/workshop-for-the-editing-of-catalogues-raisonnes-and-publications-of-art\\\/\"},\"wordCount\":4048,\"commentCount\":0,\"image\":{\"@id\":\"https:\\\/\\\/www.castellodirivoli.org\\\/en\\\/workshop-for-the-editing-of-catalogues-raisonnes-and-publications-of-art\\\/#primaryimage\"},\"thumbnailUrl\":\"https:\\\/\\\/www.castellodirivoli.org\\\/wp-content\\\/uploads\\\/2020\\\/06\\\/biblioteca.jpg\",\"inLanguage\":\"en-US\",\"potentialAction\":[{\"@type\":\"CommentAction\",\"name\":\"Comment\",\"target\":[\"https:\\\/\\\/www.castellodirivoli.org\\\/en\\\/workshop-for-the-editing-of-catalogues-raisonnes-and-publications-of-art\\\/#respond\"]}]},{\"@type\":\"WebPage\",\"@id\":\"https:\\\/\\\/www.castellodirivoli.org\\\/en\\\/workshop-for-the-editing-of-catalogues-raisonnes-and-publications-of-art\\\/\",\"url\":\"https:\\\/\\\/www.castellodirivoli.org\\\/en\\\/workshop-for-the-editing-of-catalogues-raisonnes-and-publications-of-art\\\/\",\"name\":\"Workshop on Editing Catalogues Raisonn\u00e9s at Castello di Rivoli\",\"isPartOf\":{\"@id\":\"https:\\\/\\\/www.castellodirivoli.org\\\/en\\\/#website\"},\"primaryImageOfPage\":{\"@id\":\"https:\\\/\\\/www.castellodirivoli.org\\\/en\\\/workshop-for-the-editing-of-catalogues-raisonnes-and-publications-of-art\\\/#primaryimage\"},\"image\":{\"@id\":\"https:\\\/\\\/www.castellodirivoli.org\\\/en\\\/workshop-for-the-editing-of-catalogues-raisonnes-and-publications-of-art\\\/#primaryimage\"},\"thumbnailUrl\":\"https:\\\/\\\/www.castellodirivoli.org\\\/wp-content\\\/uploads\\\/2020\\\/06\\\/biblioteca.jpg\",\"datePublished\":\"2020-06-04T15:58:28+00:00\",\"dateModified\":\"2025-11-21T09:46:55+00:00\",\"author\":{\"@id\":\"https:\\\/\\\/www.castellodirivoli.org\\\/en\\\/#\\\/schema\\\/person\\\/e4d5b2df169e4ad51e2cfd13ea6832f1\"},\"description\":\"A specialized workshop at Castello di Rivoli on editing catalogues raisonn\u00e9s and art publications, honoring Germano Celant and led by leading scholars and curators.\",\"breadcrumb\":{\"@id\":\"https:\\\/\\\/www.castellodirivoli.org\\\/en\\\/workshop-for-the-editing-of-catalogues-raisonnes-and-publications-of-art\\\/#breadcrumb\"},\"inLanguage\":\"en-US\",\"potentialAction\":[{\"@type\":\"ReadAction\",\"target\":[\"https:\\\/\\\/www.castellodirivoli.org\\\/en\\\/workshop-for-the-editing-of-catalogues-raisonnes-and-publications-of-art\\\/\"]}]},{\"@type\":\"ImageObject\",\"inLanguage\":\"en-US\",\"@id\":\"https:\\\/\\\/www.castellodirivoli.org\\\/en\\\/workshop-for-the-editing-of-catalogues-raisonnes-and-publications-of-art\\\/#primaryimage\",\"url\":\"https:\\\/\\\/www.castellodirivoli.org\\\/wp-content\\\/uploads\\\/2020\\\/06\\\/biblioteca.jpg\",\"contentUrl\":\"https:\\\/\\\/www.castellodirivoli.org\\\/wp-content\\\/uploads\\\/2020\\\/06\\\/biblioteca.jpg\",\"width\":2016,\"height\":1512},{\"@type\":\"BreadcrumbList\",\"@id\":\"https:\\\/\\\/www.castellodirivoli.org\\\/en\\\/workshop-for-the-editing-of-catalogues-raisonnes-and-publications-of-art\\\/#breadcrumb\",\"itemListElement\":[{\"@type\":\"ListItem\",\"position\":1,\"name\":\"Home\",\"item\":\"https:\\\/\\\/www.castellodirivoli.org\\\/en\\\/\"},{\"@type\":\"ListItem\",\"position\":2,\"name\":\"Workshop for the Editing of Catalogues Raisonn\u00e9s and Publications of Art\"}]},{\"@type\":\"WebSite\",\"@id\":\"https:\\\/\\\/www.castellodirivoli.org\\\/en\\\/#website\",\"url\":\"https:\\\/\\\/www.castellodirivoli.org\\\/en\\\/\",\"name\":\"Castello di Rivoli\",\"description\":\"\",\"potentialAction\":[{\"@type\":\"SearchAction\",\"target\":{\"@type\":\"EntryPoint\",\"urlTemplate\":\"https:\\\/\\\/www.castellodirivoli.org\\\/en\\\/?s={search_term_string}\"},\"query-input\":{\"@type\":\"PropertyValueSpecification\",\"valueRequired\":true,\"valueName\":\"search_term_string\"}}],\"inLanguage\":\"en-US\"},{\"@type\":\"Person\",\"@id\":\"https:\\\/\\\/www.castellodirivoli.org\\\/en\\\/#\\\/schema\\\/person\\\/e4d5b2df169e4ad51e2cfd13ea6832f1\",\"name\":\"castello\",\"image\":{\"@type\":\"ImageObject\",\"inLanguage\":\"en-US\",\"@id\":\"https:\\\/\\\/secure.gravatar.com\\\/avatar\\\/f03554752d979e10a846841abb1eb2ecf632c6ad5cdd14fac368733f296817e8?s=96&d=mm&r=g\",\"url\":\"https:\\\/\\\/secure.gravatar.com\\\/avatar\\\/f03554752d979e10a846841abb1eb2ecf632c6ad5cdd14fac368733f296817e8?s=96&d=mm&r=g\",\"contentUrl\":\"https:\\\/\\\/secure.gravatar.com\\\/avatar\\\/f03554752d979e10a846841abb1eb2ecf632c6ad5cdd14fac368733f296817e8?s=96&d=mm&r=g\",\"caption\":\"castello\"},\"sameAs\":[\"https:\\\/\\\/www.castellodirivoli.org\\\/\"]}]}<\/script>\n<!-- \/ Yoast SEO plugin. -->","yoast_head_json":{"title":"Workshop on Editing Catalogues Raisonn\u00e9s at Castello di Rivoli","description":"A specialized workshop at Castello di Rivoli on editing catalogues raisonn\u00e9s and art publications, honoring Germano Celant and led by leading scholars and curators.","robots":{"index":"index","follow":"follow","max-snippet":"max-snippet:-1","max-image-preview":"max-image-preview:large","max-video-preview":"max-video-preview:-1"},"canonical":"https:\/\/www.castellodirivoli.org\/en\/workshop-for-the-editing-of-catalogues-raisonnes-and-publications-of-art\/","og_locale":"en_US","og_type":"article","og_title":"Workshop on Editing Catalogues Raisonn\u00e9s at Castello di Rivoli","og_description":"A specialized workshop at Castello di Rivoli on editing catalogues raisonn\u00e9s and art publications, honoring Germano Celant and led by leading scholars and curators.","og_url":"https:\/\/www.castellodirivoli.org\/en\/workshop-for-the-editing-of-catalogues-raisonnes-and-publications-of-art\/","og_site_name":"Castello di Rivoli","article_published_time":"2020-06-04T15:58:28+00:00","article_modified_time":"2025-11-21T09:46:55+00:00","og_image":[{"width":2016,"height":1512,"url":"https:\/\/www.castellodirivoli.org\/wp-content\/uploads\/2020\/06\/biblioteca.jpg","type":"image\/jpeg"}],"author":"castello","twitter_card":"summary_large_image","twitter_misc":{"Written by":"castello","Est. reading time":"27 minutes"},"schema":{"@context":"https:\/\/schema.org","@graph":[{"@type":"Article","@id":"https:\/\/www.castellodirivoli.org\/en\/workshop-for-the-editing-of-catalogues-raisonnes-and-publications-of-art\/#article","isPartOf":{"@id":"https:\/\/www.castellodirivoli.org\/en\/workshop-for-the-editing-of-catalogues-raisonnes-and-publications-of-art\/"},"author":{"name":"castello","@id":"https:\/\/www.castellodirivoli.org\/en\/#\/schema\/person\/e4d5b2df169e4ad51e2cfd13ea6832f1"},"headline":"Workshop for the Editing of Catalogues Raisonn\u00e9s and Publications of Art","datePublished":"2020-06-04T15:58:28+00:00","dateModified":"2025-11-21T09:46:55+00:00","mainEntityOfPage":{"@id":"https:\/\/www.castellodirivoli.org\/en\/workshop-for-the-editing-of-catalogues-raisonnes-and-publications-of-art\/"},"wordCount":4048,"commentCount":0,"image":{"@id":"https:\/\/www.castellodirivoli.org\/en\/workshop-for-the-editing-of-catalogues-raisonnes-and-publications-of-art\/#primaryimage"},"thumbnailUrl":"https:\/\/www.castellodirivoli.org\/wp-content\/uploads\/2020\/06\/biblioteca.jpg","inLanguage":"en-US","potentialAction":[{"@type":"CommentAction","name":"Comment","target":["https:\/\/www.castellodirivoli.org\/en\/workshop-for-the-editing-of-catalogues-raisonnes-and-publications-of-art\/#respond"]}]},{"@type":"WebPage","@id":"https:\/\/www.castellodirivoli.org\/en\/workshop-for-the-editing-of-catalogues-raisonnes-and-publications-of-art\/","url":"https:\/\/www.castellodirivoli.org\/en\/workshop-for-the-editing-of-catalogues-raisonnes-and-publications-of-art\/","name":"Workshop on Editing Catalogues Raisonn\u00e9s at Castello di Rivoli","isPartOf":{"@id":"https:\/\/www.castellodirivoli.org\/en\/#website"},"primaryImageOfPage":{"@id":"https:\/\/www.castellodirivoli.org\/en\/workshop-for-the-editing-of-catalogues-raisonnes-and-publications-of-art\/#primaryimage"},"image":{"@id":"https:\/\/www.castellodirivoli.org\/en\/workshop-for-the-editing-of-catalogues-raisonnes-and-publications-of-art\/#primaryimage"},"thumbnailUrl":"https:\/\/www.castellodirivoli.org\/wp-content\/uploads\/2020\/06\/biblioteca.jpg","datePublished":"2020-06-04T15:58:28+00:00","dateModified":"2025-11-21T09:46:55+00:00","author":{"@id":"https:\/\/www.castellodirivoli.org\/en\/#\/schema\/person\/e4d5b2df169e4ad51e2cfd13ea6832f1"},"description":"A specialized workshop at Castello di Rivoli on editing catalogues raisonn\u00e9s and art publications, honoring Germano Celant and led by leading scholars and curators.","breadcrumb":{"@id":"https:\/\/www.castellodirivoli.org\/en\/workshop-for-the-editing-of-catalogues-raisonnes-and-publications-of-art\/#breadcrumb"},"inLanguage":"en-US","potentialAction":[{"@type":"ReadAction","target":["https:\/\/www.castellodirivoli.org\/en\/workshop-for-the-editing-of-catalogues-raisonnes-and-publications-of-art\/"]}]},{"@type":"ImageObject","inLanguage":"en-US","@id":"https:\/\/www.castellodirivoli.org\/en\/workshop-for-the-editing-of-catalogues-raisonnes-and-publications-of-art\/#primaryimage","url":"https:\/\/www.castellodirivoli.org\/wp-content\/uploads\/2020\/06\/biblioteca.jpg","contentUrl":"https:\/\/www.castellodirivoli.org\/wp-content\/uploads\/2020\/06\/biblioteca.jpg","width":2016,"height":1512},{"@type":"BreadcrumbList","@id":"https:\/\/www.castellodirivoli.org\/en\/workshop-for-the-editing-of-catalogues-raisonnes-and-publications-of-art\/#breadcrumb","itemListElement":[{"@type":"ListItem","position":1,"name":"Home","item":"https:\/\/www.castellodirivoli.org\/en\/"},{"@type":"ListItem","position":2,"name":"Workshop for the Editing of Catalogues Raisonn\u00e9s and Publications of Art"}]},{"@type":"WebSite","@id":"https:\/\/www.castellodirivoli.org\/en\/#website","url":"https:\/\/www.castellodirivoli.org\/en\/","name":"Castello di Rivoli","description":"","potentialAction":[{"@type":"SearchAction","target":{"@type":"EntryPoint","urlTemplate":"https:\/\/www.castellodirivoli.org\/en\/?s={search_term_string}"},"query-input":{"@type":"PropertyValueSpecification","valueRequired":true,"valueName":"search_term_string"}}],"inLanguage":"en-US"},{"@type":"Person","@id":"https:\/\/www.castellodirivoli.org\/en\/#\/schema\/person\/e4d5b2df169e4ad51e2cfd13ea6832f1","name":"castello","image":{"@type":"ImageObject","inLanguage":"en-US","@id":"https:\/\/secure.gravatar.com\/avatar\/f03554752d979e10a846841abb1eb2ecf632c6ad5cdd14fac368733f296817e8?s=96&d=mm&r=g","url":"https:\/\/secure.gravatar.com\/avatar\/f03554752d979e10a846841abb1eb2ecf632c6ad5cdd14fac368733f296817e8?s=96&d=mm&r=g","contentUrl":"https:\/\/secure.gravatar.com\/avatar\/f03554752d979e10a846841abb1eb2ecf632c6ad5cdd14fac368733f296817e8?s=96&d=mm&r=g","caption":"castello"},"sameAs":["https:\/\/www.castellodirivoli.org\/"]}]}},"_links":{"self":[{"href":"https:\/\/www.castellodirivoli.org\/en\/wp-json\/wp\/v2\/posts\/103618","targetHints":{"allow":["GET"]}}],"collection":[{"href":"https:\/\/www.castellodirivoli.org\/en\/wp-json\/wp\/v2\/posts"}],"about":[{"href":"https:\/\/www.castellodirivoli.org\/en\/wp-json\/wp\/v2\/types\/post"}],"author":[{"embeddable":true,"href":"https:\/\/www.castellodirivoli.org\/en\/wp-json\/wp\/v2\/users\/2"}],"replies":[{"embeddable":true,"href":"https:\/\/www.castellodirivoli.org\/en\/wp-json\/wp\/v2\/comments?post=103618"}],"version-history":[{"count":0,"href":"https:\/\/www.castellodirivoli.org\/en\/wp-json\/wp\/v2\/posts\/103618\/revisions"}],"wp:featuredmedia":[{"embeddable":true,"href":"https:\/\/www.castellodirivoli.org\/en\/wp-json\/wp\/v2\/media\/32732"}],"wp:attachment":[{"href":"https:\/\/www.castellodirivoli.org\/en\/wp-json\/wp\/v2\/media?parent=103618"}],"wp:term":[{"taxonomy":"category","embeddable":true,"href":"https:\/\/www.castellodirivoli.org\/en\/wp-json\/wp\/v2\/categories?post=103618"},{"taxonomy":"post_tag","embeddable":true,"href":"https:\/\/www.castellodirivoli.org\/en\/wp-json\/wp\/v2\/tags?post=103618"}],"curies":[{"name":"wp","href":"https:\/\/api.w.org\/{rel}","templated":true}]}}